{"id":14862,"date":"2024-05-14T11:56:14","date_gmt":"2024-05-14T09:56:14","guid":{"rendered":"https:\/\/acmarines.fr\/?p=14862"},"modified":"2024-05-14T13:14:35","modified_gmt":"2024-05-14T11:14:35","slug":"route-2024-belloy-en-france-95","status":"publish","type":"post","link":"https:\/\/acmarines.fr\/?p=14862","title":{"rendered":"ROUTE 2024 \/ Belloy en France (95)"},"content":{"rendered":"\n<p>Dimanche 12 mai, course organis\u00e9e par CCM BELLOY qui f\u00eatait ses 40 ans.<\/p>\n\n\n\n<p>De belles courses avec de beaux pelotons au d\u00e9part. C\u00f4t\u00e9 m\u00e9t\u00e9o les orages nous auront \u00e9pargn\u00e9 puisque l&rsquo;ensemble des courses ont pu se d\u00e9rouler au sec. Merci \u00e0 Michel et ses b\u00e9n\u00e9voles.<\/p>\n\n\n\n<p>En 13\/14 ans, Tim\u00e9o Le Bourhis termine 4\u00e8me.<\/p>\n\n\n\n<p><\/p>\n\n\n\n<p>En 1\u00e8re cat\u00e9gorie, Fabien Le Bourhis termine 5\u00e8me<\/p>\n\n\n\n<p>En 4\u00e8me cat\u00e9gorie, Jean-Luc Lesur 22\u00e8me et Patrice Zordan ?<\/p>\n\n\n\n<hr class=\"wp-block-separator has-alpha-channel-opacity\"\/>\n\n\n\n<h2 class=\"wp-block-heading has-text-align-center\">RESULTATS COMPLETS<\/h2>\n\n\n\n<div data-wp-interactive=\"core\/file\" class=\"wp-block-file aligncenter\"><object data-wp-bind--hidden=\"!state.hasPdfPreview\" hidden class=\"wp-block-file__embed\" data=\"https:\/\/acmarines.fr\/wp-content\/uploads\/2024\/05\/Resultats-Belloy-12-05-2024.pdf\" type=\"application\/pdf\" style=\"width:100%;height:600px\" aria-label=\"Contenu embarqu\u00e9 Resultats-Belloy-12-05-2024.\"><\/object><a id=\"wp-block-file--media-56955c8a-6819-4457-b567-a77c6638e1f5\" href=\"https:\/\/acmarines.fr\/wp-content\/uploads\/2024\/05\/Resultats-Belloy-12-05-2024.pdf\">Resultats-Belloy-12-05-2024<\/a><a href=\"https:\/\/acmarines.fr\/wp-content\/uploads\/2024\/05\/Resultats-Belloy-12-05-2024.pdf\" class=\"wp-block-file__button wp-element-button\" download aria-describedby=\"wp-block-file--media-56955c8a-6819-4457-b567-a77c6638e1f5\">T\u00e9l\u00e9charger<\/a><\/div>\n","protected":false},"excerpt":{"rendered":"<p>Dimanche 12 mai, course organis\u00e9e par CCM BELLOY qui f\u00eatait ses 40 ans. De belles courses avec de<\/p>\n","protected":false},"author":1,"featured_media":14899,"comment_status":"closed","ping_status":"closed","sticky":false,"template":"","format":"standard","meta":{"jetpack_post_was_ever_published":false,"_jetpack_newsletter_access":"","_jetpack_dont_email_post_to_subs":false,"_jetpack_newsletter_tier_id":0,"_jetpack_memberships_contains_paywalled_content":false,"_jetpack_memberships_contains_paid_content":false,"footnotes":""},"categories":[20],"tags":[],"class_list":["post-14862","post","type-post","status-publish","format-standard","has-post-thumbnail","hentry","category-cyclosport-route-cyclo-cross"],"jetpack_featured_media_url":"https:\/\/i0.wp.com\/acmarines.fr\/wp-content\/uploads\/2024\/05\/jl.jpg?fit=526%2C701&ssl=1","jetpack_sharing_enabled":true,"_links":{"self":[{"href":"https:\/\/acmarines.fr\/index.php?rest_route=\/wp\/v2\/posts\/14862","targetHints":{"allow":["GET"]}}],"collection":[{"href":"https:\/\/acmarines.fr\/index.php?rest_route=\/wp\/v2\/posts"}],"about":[{"href":"https:\/\/acmarines.fr\/index.php?rest_route=\/wp\/v2\/types\/post"}],"author":[{"embeddable":true,"href":"https:\/\/acmarines.fr\/index.php?rest_route=\/wp\/v2\/users\/1"}],"replies":[{"embeddable":true,"href":"https:\/\/acmarines.fr\/index.php?rest_route=%2Fwp%2Fv2%2Fcomments&post=14862"}],"version-history":[{"count":4,"href":"https:\/\/acmarines.fr\/index.php?rest_route=\/wp\/v2\/posts\/14862\/revisions"}],"predecessor-version":[{"id":14931,"href":"https:\/\/acmarines.fr\/index.php?rest_route=\/wp\/v2\/posts\/14862\/revisions\/14931"}],"wp:featuredmedia":[{"embeddable":true,"href":"https:\/\/acmarines.fr\/index.php?rest_route=\/wp\/v2\/media\/14899"}],"wp:attachment":[{"href":"https:\/\/acmarines.fr\/index.php?rest_route=%2Fwp%2Fv2%2Fmedia&parent=14862"}],"wp:term":[{"taxonomy":"category","embeddable":true,"href":"https:\/\/acmarines.fr\/index.php?rest_route=%2Fwp%2Fv2%2Fcategories&post=14862"},{"taxonomy":"post_tag","embeddable":true,"href":"https:\/\/acmarines.fr\/index.php?rest_route=%2Fwp%2Fv2%2Ftags&post=14862"}],"curies":[{"name":"wp","href":"https:\/\/api.w.org\/{rel}","templated":true}]}}