{"id":23902,"date":"2025-06-22T16:05:45","date_gmt":"2025-06-22T14:05:45","guid":{"rendered":"https:\/\/acmarines.fr\/?p=23902"},"modified":"2025-06-23T16:22:09","modified_gmt":"2025-06-23T14:22:09","slug":"vtt-2025-3h-vtt-de-vesly-27","status":"publish","type":"post","link":"https:\/\/acmarines.fr\/?p=23902","title":{"rendered":"VTT 2025 \/ 3h VTT de Vesly (27)"},"content":{"rendered":"\n<p>Epreuve organis\u00e9e par le VTT UCVE Etrepagny, peu de participants, c&rsquo;est une \u00e9preuve qui m\u00e9rite d&rsquo;\u00eatre connue, pour tous les b\u00e9n\u00e9voles qui ont travaill\u00e9 toute la semaine sur ce circuit avec des singles sympas.<br>Mettez l\u00e0 au calendrier pour l&rsquo;ann\u00e9e prochaine.<\/p>\n\n\n\n<p>6 Marinois \u00e9taient pr\u00e9sents avec de beaux podiums.<\/p>\n\n\n\n<div class=\"wp-block-columns is-layout-flex wp-container-core-columns-is-layout-28f84493 wp-block-columns-is-layout-flex\">\n<div class=\"wp-block-column is-layout-flow wp-block-column-is-layout-flow\">\n<figure class=\"wp-block-image size-large\"><img data-recalc-dims=\"1\" loading=\"lazy\" decoding=\"async\" width=\"640\" height=\"853\" src=\"https:\/\/i0.wp.com\/acmarines.fr\/wp-content\/uploads\/2025\/06\/fabien.jpg?resize=640%2C853&#038;ssl=1\" alt=\"\" class=\"wp-image-23907\" srcset=\"https:\/\/i0.wp.com\/acmarines.fr\/wp-content\/uploads\/2025\/06\/fabien.jpg?resize=768%2C1024&amp;ssl=1 768w, https:\/\/i0.wp.com\/acmarines.fr\/wp-content\/uploads\/2025\/06\/fabien.jpg?resize=225%2C300&amp;ssl=1 225w, https:\/\/i0.wp.com\/acmarines.fr\/wp-content\/uploads\/2025\/06\/fabien.jpg?resize=300%2C400&amp;ssl=1 300w, https:\/\/i0.wp.com\/acmarines.fr\/wp-content\/uploads\/2025\/06\/fabien.jpg?resize=1152%2C1536&amp;ssl=1 1152w, https:\/\/i0.wp.com\/acmarines.fr\/wp-content\/uploads\/2025\/06\/fabien.jpg?resize=1024%2C1365&amp;ssl=1 1024w, https:\/\/i0.wp.com\/acmarines.fr\/wp-content\/uploads\/2025\/06\/fabien.jpg?w=1200&amp;ssl=1 1200w\" sizes=\"auto, (max-width: 640px) 100vw, 640px\" \/><figcaption class=\"wp-element-caption\">Podium SOLO HOMME<\/figcaption><\/figure>\n<\/div>\n\n\n\n<div class=\"wp-block-column is-layout-flow wp-block-column-is-layout-flow\">\n<figure class=\"wp-block-image size-large\"><img data-recalc-dims=\"1\" loading=\"lazy\" decoding=\"async\" width=\"640\" height=\"853\" src=\"https:\/\/i0.wp.com\/acmarines.fr\/wp-content\/uploads\/2025\/06\/laure.jpg?resize=640%2C853&#038;ssl=1\" alt=\"\" class=\"wp-image-23908\" srcset=\"https:\/\/i0.wp.com\/acmarines.fr\/wp-content\/uploads\/2025\/06\/laure.jpg?resize=768%2C1024&amp;ssl=1 768w, https:\/\/i0.wp.com\/acmarines.fr\/wp-content\/uploads\/2025\/06\/laure.jpg?resize=225%2C300&amp;ssl=1 225w, https:\/\/i0.wp.com\/acmarines.fr\/wp-content\/uploads\/2025\/06\/laure.jpg?resize=300%2C400&amp;ssl=1 300w, https:\/\/i0.wp.com\/acmarines.fr\/wp-content\/uploads\/2025\/06\/laure.jpg?resize=1152%2C1536&amp;ssl=1 1152w, https:\/\/i0.wp.com\/acmarines.fr\/wp-content\/uploads\/2025\/06\/laure.jpg?resize=1024%2C1365&amp;ssl=1 1024w, https:\/\/i0.wp.com\/acmarines.fr\/wp-content\/uploads\/2025\/06\/laure.jpg?w=1200&amp;ssl=1 1200w\" sizes=\"auto, (max-width: 640px) 100vw, 640px\" \/><figcaption class=\"wp-element-caption\">Podium DUO MIXTE<\/figcaption><\/figure>\n<\/div>\n\n\n\n<div class=\"wp-block-column is-layout-flow wp-block-column-is-layout-flow\">\n<figure class=\"wp-block-image size-large\"><img data-recalc-dims=\"1\" loading=\"lazy\" decoding=\"async\" width=\"640\" height=\"853\" src=\"https:\/\/i0.wp.com\/acmarines.fr\/wp-content\/uploads\/2025\/06\/pascal.jpg?resize=640%2C853&#038;ssl=1\" alt=\"\" class=\"wp-image-23909\" srcset=\"https:\/\/i0.wp.com\/acmarines.fr\/wp-content\/uploads\/2025\/06\/pascal.jpg?resize=768%2C1024&amp;ssl=1 768w, https:\/\/i0.wp.com\/acmarines.fr\/wp-content\/uploads\/2025\/06\/pascal.jpg?resize=225%2C300&amp;ssl=1 225w, https:\/\/i0.wp.com\/acmarines.fr\/wp-content\/uploads\/2025\/06\/pascal.jpg?resize=300%2C400&amp;ssl=1 300w, https:\/\/i0.wp.com\/acmarines.fr\/wp-content\/uploads\/2025\/06\/pascal.jpg?resize=1152%2C1536&amp;ssl=1 1152w, https:\/\/i0.wp.com\/acmarines.fr\/wp-content\/uploads\/2025\/06\/pascal.jpg?resize=1024%2C1365&amp;ssl=1 1024w, https:\/\/i0.wp.com\/acmarines.fr\/wp-content\/uploads\/2025\/06\/pascal.jpg?w=1200&amp;ssl=1 1200w\" sizes=\"auto, (max-width: 640px) 100vw, 640px\" \/><figcaption class=\"wp-element-caption\">Podium VTTAE<\/figcaption><\/figure>\n<\/div>\n<\/div>\n\n\n\n<hr class=\"wp-block-separator has-alpha-channel-opacity\"\/>\n\n\n\n<h2 class=\"wp-block-heading has-text-align-center\">RESULTATS COMPLETS<\/h2>\n\n\n\n<figure class=\"wp-block-image aligncenter size-full\"><img data-recalc-dims=\"1\" loading=\"lazy\" decoding=\"async\" width=\"620\" height=\"785\" src=\"https:\/\/i0.wp.com\/acmarines.fr\/wp-content\/uploads\/2025\/06\/image-33.png?resize=620%2C785&#038;ssl=1\" alt=\"\" class=\"wp-image-23903\" srcset=\"https:\/\/i0.wp.com\/acmarines.fr\/wp-content\/uploads\/2025\/06\/image-33.png?w=620&amp;ssl=1 620w, https:\/\/i0.wp.com\/acmarines.fr\/wp-content\/uploads\/2025\/06\/image-33.png?resize=237%2C300&amp;ssl=1 237w\" sizes=\"auto, (max-width: 620px) 100vw, 620px\" \/><\/figure>\n\n\n\n<hr class=\"wp-block-separator has-alpha-channel-opacity\"\/>\n\n\n\n<h2 class=\"wp-block-heading has-text-align-center\">RESULTATS AVEC LES TEMPS PAR TOUR<\/h2>\n\n\n\n<div data-wp-interactive=\"core\/file\" class=\"wp-block-file aligncenter\"><object data-wp-bind--hidden=\"!state.hasPdfPreview\" hidden class=\"wp-block-file__embed\" data=\"https:\/\/acmarines.fr\/wp-content\/uploads\/2025\/06\/3H-VTT-de-Vesly-2025-classement-final.pdf\" type=\"application\/pdf\" style=\"width:100%;height:600px\" aria-label=\"Contenu embarqu\u00e9 3H-VTT-de-Vesly-2025-classement final.\"><\/object><a id=\"wp-block-file--media-1c58a8f2-dde2-41e5-9652-5ffc7da83ffb\" href=\"https:\/\/acmarines.fr\/wp-content\/uploads\/2025\/06\/3H-VTT-de-Vesly-2025-classement-final.pdf\">3H-VTT-de-Vesly-2025-classement final<\/a><a href=\"https:\/\/acmarines.fr\/wp-content\/uploads\/2025\/06\/3H-VTT-de-Vesly-2025-classement-final.pdf\" class=\"wp-block-file__button wp-element-button\" download aria-describedby=\"wp-block-file--media-1c58a8f2-dde2-41e5-9652-5ffc7da83ffb\">T\u00e9l\u00e9charger<\/a><\/div>\n\n\n\n<p><\/p>\n","protected":false},"excerpt":{"rendered":"<p>Epreuve organis\u00e9e par le VTT UCVE Etrepagny, peu de participants, c&rsquo;est une \u00e9preuve qui m\u00e9rite d&rsquo;\u00eatre connue, pour<\/p>\n","protected":false},"author":1,"featured_media":23911,"comment_status":"closed","ping_status":"closed","sticky":false,"template":"","format":"standard","meta":{"jetpack_post_was_ever_published":false,"_jetpack_newsletter_access":"","_jetpack_dont_email_post_to_subs":false,"_jetpack_newsletter_tier_id":0,"_jetpack_memberships_contains_paywalled_content":false,"_jetpack_memberships_contains_paid_content":false,"footnotes":""},"categories":[19],"tags":[],"class_list":["post-23902","post","type-post","status-publish","format-standard","has-post-thumbnail","hentry","category-vtt-adultes"],"jetpack_featured_media_url":"https:\/\/i0.wp.com\/acmarines.fr\/wp-content\/uploads\/2025\/06\/team.jpg?fit=600%2C450&ssl=1","jetpack_sharing_enabled":true,"_links":{"self":[{"href":"https:\/\/acmarines.fr\/index.php?rest_route=\/wp\/v2\/posts\/23902","targetHints":{"allow":["GET"]}}],"collection":[{"href":"https:\/\/acmarines.fr\/index.php?rest_route=\/wp\/v2\/posts"}],"about":[{"href":"https:\/\/acmarines.fr\/index.php?rest_route=\/wp\/v2\/types\/post"}],"author":[{"embeddable":true,"href":"https:\/\/acmarines.fr\/index.php?rest_route=\/wp\/v2\/users\/1"}],"replies":[{"embeddable":true,"href":"https:\/\/acmarines.fr\/index.php?rest_route=%2Fwp%2Fv2%2Fcomments&post=23902"}],"version-history":[{"count":2,"href":"https:\/\/acmarines.fr\/index.php?rest_route=\/wp\/v2\/posts\/23902\/revisions"}],"predecessor-version":[{"id":23910,"href":"https:\/\/acmarines.fr\/index.php?rest_route=\/wp\/v2\/posts\/23902\/revisions\/23910"}],"wp:featuredmedia":[{"embeddable":true,"href":"https:\/\/acmarines.fr\/index.php?rest_route=\/wp\/v2\/media\/23911"}],"wp:attachment":[{"href":"https:\/\/acmarines.fr\/index.php?rest_route=%2Fwp%2Fv2%2Fmedia&parent=23902"}],"wp:term":[{"taxonomy":"category","embeddable":true,"href":"https:\/\/acmarines.fr\/index.php?rest_route=%2Fwp%2Fv2%2Fcategories&post=23902"},{"taxonomy":"post_tag","embeddable":true,"href":"https:\/\/acmarines.fr\/index.php?rest_route=%2Fwp%2Fv2%2Ftags&post=23902"}],"curies":[{"name":"wp","href":"https:\/\/api.w.org\/{rel}","templated":true}]}}