{"id":24013,"date":"2025-06-22T19:32:45","date_gmt":"2025-06-22T17:32:45","guid":{"rendered":"https:\/\/acmarines.fr\/?p=24013"},"modified":"2025-06-26T22:21:39","modified_gmt":"2025-06-26T20:21:39","slug":"ffc-2025-route-u17-championnat-ile-de-france-a-magny-le-hameaux-78","status":"publish","type":"post","link":"https:\/\/acmarines.fr\/?p=24013","title":{"rendered":"FFC 2025 \/ ROUTE \/ Championnat Ile de France U17 \u00e0 Magny le Hameaux (78)"},"content":{"rendered":"\n<p>Seul repr\u00e9sentant de l&rsquo;AC Marines, Tim\u00e9o Hardy termine 49\u00e8me.<\/p>\n\n\n\n<hr class=\"wp-block-separator has-alpha-channel-opacity\"\/>\n\n\n\n<p>Course tr\u00e8s exigeante avec pr\u00eat de 700m de d\u00e9nivel\u00e9 sur 73 km associ\u00e9s \u00e0 une forte chaleur.<\/p>\n\n\n\n<p>La majeure partie des coureurs ont roul\u00e9 en \u00e9quipe, il n&rsquo;a pas r\u00e9ussi \u00e0 maintenir le rythme des \u00e9quipes IDF, \u00e9tant souvent isol\u00e9 dans les diff\u00e9rentes attaques.<\/p>\n\n\n\n<p>Une tr\u00e8s belle course sur un parcours exigeant.<\/p>\n\n\n\n<p class=\"has-text-align-right\"><strong>S\u00e9bastien Hardy.<\/strong><\/p>\n\n\n\n<hr class=\"wp-block-separator has-alpha-channel-opacity\"\/>\n\n\n\n<h2 class=\"wp-block-heading has-text-align-center\">RESULTATS COMPLETS<\/h2>\n\n\n\n<div data-wp-interactive=\"core\/file\" class=\"wp-block-file aligncenter\"><object data-wp-bind--hidden=\"!state.hasPdfPreview\" hidden class=\"wp-block-file__embed\" data=\"https:\/\/acmarines.fr\/wp-content\/uploads\/2025\/06\/20250622magnyU17.pdf\" type=\"application\/pdf\" style=\"width:100%;height:600px\" aria-label=\"Contenu embarqu\u00e9 20250622magnyU17.\"><\/object><a id=\"wp-block-file--media-ee618925-c76e-413e-a4f6-f331e969f9c1\" href=\"https:\/\/acmarines.fr\/wp-content\/uploads\/2025\/06\/20250622magnyU17.pdf\">20250622magnyU17<\/a><a href=\"https:\/\/acmarines.fr\/wp-content\/uploads\/2025\/06\/20250622magnyU17.pdf\" class=\"wp-block-file__button wp-element-button\" download aria-describedby=\"wp-block-file--media-ee618925-c76e-413e-a4f6-f331e969f9c1\">T\u00e9l\u00e9charger<\/a><\/div>\n","protected":false},"excerpt":{"rendered":"<p>Seul repr\u00e9sentant de l&rsquo;AC Marines, Tim\u00e9o Hardy termine 49\u00e8me. Course tr\u00e8s exigeante avec pr\u00eat de 700m de d\u00e9nivel\u00e9<\/p>\n","protected":false},"author":1,"featured_media":24016,"comment_status":"closed","ping_status":"closed","sticky":false,"template":"","format":"standard","meta":{"jetpack_post_was_ever_published":false,"_jetpack_newsletter_access":"","_jetpack_dont_email_post_to_subs":false,"_jetpack_newsletter_tier_id":0,"_jetpack_memberships_contains_paywalled_content":false,"_jetpack_memberships_contains_paid_content":false,"footnotes":""},"categories":[72,74],"tags":[],"class_list":["post-24013","post","type-post","status-publish","format-standard","has-post-thumbnail","hentry","category-ffc","category-route"],"jetpack_featured_media_url":"https:\/\/i0.wp.com\/acmarines.fr\/wp-content\/uploads\/2025\/06\/IMG-20250623-WA0002.jpg?fit=1496%2C1020&ssl=1","jetpack_sharing_enabled":true,"_links":{"self":[{"href":"https:\/\/acmarines.fr\/index.php?rest_route=\/wp\/v2\/posts\/24013","targetHints":{"allow":["GET"]}}],"collection":[{"href":"https:\/\/acmarines.fr\/index.php?rest_route=\/wp\/v2\/posts"}],"about":[{"href":"https:\/\/acmarines.fr\/index.php?rest_route=\/wp\/v2\/types\/post"}],"author":[{"embeddable":true,"href":"https:\/\/acmarines.fr\/index.php?rest_route=\/wp\/v2\/users\/1"}],"replies":[{"embeddable":true,"href":"https:\/\/acmarines.fr\/index.php?rest_route=%2Fwp%2Fv2%2Fcomments&post=24013"}],"version-history":[{"count":2,"href":"https:\/\/acmarines.fr\/index.php?rest_route=\/wp\/v2\/posts\/24013\/revisions"}],"predecessor-version":[{"id":24041,"href":"https:\/\/acmarines.fr\/index.php?rest_route=\/wp\/v2\/posts\/24013\/revisions\/24041"}],"wp:featuredmedia":[{"embeddable":true,"href":"https:\/\/acmarines.fr\/index.php?rest_route=\/wp\/v2\/media\/24016"}],"wp:attachment":[{"href":"https:\/\/acmarines.fr\/index.php?rest_route=%2Fwp%2Fv2%2Fmedia&parent=24013"}],"wp:term":[{"taxonomy":"category","embeddable":true,"href":"https:\/\/acmarines.fr\/index.php?rest_route=%2Fwp%2Fv2%2Fcategories&post=24013"},{"taxonomy":"post_tag","embeddable":true,"href":"https:\/\/acmarines.fr\/index.php?rest_route=%2Fwp%2Fv2%2Ftags&post=24013"}],"curies":[{"name":"wp","href":"https:\/\/api.w.org\/{rel}","templated":true}]}}