{"id":24132,"date":"2025-06-29T10:04:27","date_gmt":"2025-06-29T08:04:27","guid":{"rendered":"https:\/\/acmarines.fr\/?p=24132"},"modified":"2025-07-10T10:44:50","modified_gmt":"2025-07-10T08:44:50","slug":"ffc-2025-route-sannois-95","status":"publish","type":"post","link":"https:\/\/acmarines.fr\/?p=24132","title":{"rendered":"FFC 2025 \/ ROUTE \/ Sannois (95)"},"content":{"rendered":"\n<p>Nous avions deux Marinois pr\u00e9sents sur les \u00e9preuves organis\u00e9es par le PAC, avec Anthony Devaux en U17 et Valentin Amans pour sa 1\u00e8re course en FFC en U13.<\/p>\n\n\n\n<p> <\/p>\n\n\n\n<figure class=\"wp-block-image aligncenter size-full\"><img data-recalc-dims=\"1\" loading=\"lazy\" decoding=\"async\" width=\"640\" height=\"524\" src=\"https:\/\/i0.wp.com\/acmarines.fr\/wp-content\/uploads\/2025\/07\/image.png?resize=640%2C524&#038;ssl=1\" alt=\"\" class=\"wp-image-24133\" srcset=\"https:\/\/i0.wp.com\/acmarines.fr\/wp-content\/uploads\/2025\/07\/image.png?w=778&amp;ssl=1 778w, https:\/\/i0.wp.com\/acmarines.fr\/wp-content\/uploads\/2025\/07\/image.png?resize=300%2C246&amp;ssl=1 300w, https:\/\/i0.wp.com\/acmarines.fr\/wp-content\/uploads\/2025\/07\/image.png?resize=768%2C629&amp;ssl=1 768w\" sizes=\"auto, (max-width: 640px) 100vw, 640px\" \/><\/figure>\n\n\n\n<figure class=\"wp-block-image aligncenter size-full\"><img data-recalc-dims=\"1\" loading=\"lazy\" decoding=\"async\" width=\"640\" height=\"598\" src=\"https:\/\/i0.wp.com\/acmarines.fr\/wp-content\/uploads\/2025\/07\/image-2.png?resize=640%2C598&#038;ssl=1\" alt=\"\" class=\"wp-image-24135\" srcset=\"https:\/\/i0.wp.com\/acmarines.fr\/wp-content\/uploads\/2025\/07\/image-2.png?w=873&amp;ssl=1 873w, https:\/\/i0.wp.com\/acmarines.fr\/wp-content\/uploads\/2025\/07\/image-2.png?resize=300%2C280&amp;ssl=1 300w, https:\/\/i0.wp.com\/acmarines.fr\/wp-content\/uploads\/2025\/07\/image-2.png?resize=768%2C718&amp;ssl=1 768w\" sizes=\"auto, (max-width: 640px) 100vw, 640px\" \/><\/figure>\n","protected":false},"excerpt":{"rendered":"<p>Nous avions deux Marinois pr\u00e9sents sur les \u00e9preuves organis\u00e9es par le PAC, avec Anthony Devaux en U17 et<\/p>\n","protected":false},"author":1,"featured_media":24137,"comment_status":"closed","ping_status":"closed","sticky":false,"template":"","format":"standard","meta":{"jetpack_post_was_ever_published":false,"_jetpack_newsletter_access":"","_jetpack_dont_email_post_to_subs":false,"_jetpack_newsletter_tier_id":0,"_jetpack_memberships_contains_paywalled_content":false,"_jetpack_memberships_contains_paid_content":false,"footnotes":""},"categories":[18,72,74],"tags":[],"class_list":["post-24132","post","type-post","status-publish","format-standard","has-post-thumbnail","hentry","category-ecole-vtt","category-ffc","category-route"],"jetpack_featured_media_url":"https:\/\/i0.wp.com\/acmarines.fr\/wp-content\/uploads\/2025\/06\/509271331_715358031247039_2234738956115350557_n.jpg?fit=509%2C720&ssl=1","jetpack_sharing_enabled":true,"_links":{"self":[{"href":"https:\/\/acmarines.fr\/index.php?rest_route=\/wp\/v2\/posts\/24132","targetHints":{"allow":["GET"]}}],"collection":[{"href":"https:\/\/acmarines.fr\/index.php?rest_route=\/wp\/v2\/posts"}],"about":[{"href":"https:\/\/acmarines.fr\/index.php?rest_route=\/wp\/v2\/types\/post"}],"author":[{"embeddable":true,"href":"https:\/\/acmarines.fr\/index.php?rest_route=\/wp\/v2\/users\/1"}],"replies":[{"embeddable":true,"href":"https:\/\/acmarines.fr\/index.php?rest_route=%2Fwp%2Fv2%2Fcomments&post=24132"}],"version-history":[{"count":1,"href":"https:\/\/acmarines.fr\/index.php?rest_route=\/wp\/v2\/posts\/24132\/revisions"}],"predecessor-version":[{"id":24136,"href":"https:\/\/acmarines.fr\/index.php?rest_route=\/wp\/v2\/posts\/24132\/revisions\/24136"}],"wp:featuredmedia":[{"embeddable":true,"href":"https:\/\/acmarines.fr\/index.php?rest_route=\/wp\/v2\/media\/24137"}],"wp:attachment":[{"href":"https:\/\/acmarines.fr\/index.php?rest_route=%2Fwp%2Fv2%2Fmedia&parent=24132"}],"wp:term":[{"taxonomy":"category","embeddable":true,"href":"https:\/\/acmarines.fr\/index.php?rest_route=%2Fwp%2Fv2%2Fcategories&post=24132"},{"taxonomy":"post_tag","embeddable":true,"href":"https:\/\/acmarines.fr\/index.php?rest_route=%2Fwp%2Fv2%2Ftags&post=24132"}],"curies":[{"name":"wp","href":"https:\/\/api.w.org\/{rel}","templated":true}]}}