{"id":24294,"date":"2025-07-20T15:29:22","date_gmt":"2025-07-20T13:29:22","guid":{"rendered":"https:\/\/acmarines.fr\/?p=24294"},"modified":"2025-07-22T21:50:31","modified_gmt":"2025-07-22T19:50:31","slug":"club-2025-letape-du-tour-albertville-la-plage","status":"publish","type":"post","link":"https:\/\/acmarines.fr\/?p=24294","title":{"rendered":"CLUB 2025 \/ L\u2019\u00c9TAPE DU TOUR ALBERTVILLE-LA PLAGNE"},"content":{"rendered":"\n<figure class=\"wp-block-image aligncenter size-large\"><img data-recalc-dims=\"1\" loading=\"lazy\" decoding=\"async\" width=\"607\" height=\"1024\" src=\"https:\/\/i0.wp.com\/acmarines.fr\/wp-content\/uploads\/2025\/07\/Screenshot_20241029_124225_BlueMail.jpg?resize=607%2C1024&#038;ssl=1\" alt=\"\" class=\"wp-image-24301\" srcset=\"https:\/\/i0.wp.com\/acmarines.fr\/wp-content\/uploads\/2025\/07\/Screenshot_20241029_124225_BlueMail.jpg?resize=607%2C1024&amp;ssl=1 607w, https:\/\/i0.wp.com\/acmarines.fr\/wp-content\/uploads\/2025\/07\/Screenshot_20241029_124225_BlueMail.jpg?resize=178%2C300&amp;ssl=1 178w, https:\/\/i0.wp.com\/acmarines.fr\/wp-content\/uploads\/2025\/07\/Screenshot_20241029_124225_BlueMail.jpg?resize=768%2C1296&amp;ssl=1 768w, https:\/\/i0.wp.com\/acmarines.fr\/wp-content\/uploads\/2025\/07\/Screenshot_20241029_124225_BlueMail.jpg?resize=910%2C1536&amp;ssl=1 910w, https:\/\/i0.wp.com\/acmarines.fr\/wp-content\/uploads\/2025\/07\/Screenshot_20241029_124225_BlueMail.jpg?resize=1024%2C1728&amp;ssl=1 1024w, https:\/\/i0.wp.com\/acmarines.fr\/wp-content\/uploads\/2025\/07\/Screenshot_20241029_124225_BlueMail.jpg?w=1080&amp;ssl=1 1080w\" sizes=\"auto, (max-width: 607px) 100vw, 607px\" \/><\/figure>\n\n\n\n<p>L&rsquo;\u00c9tape du Tour 2025 s&rsquo;est d\u00e9roul\u00e9e le 20 juillet, reliant Albertville \u00e0 La Plagne sur un parcours de 131 km avec un d\u00e9nivel\u00e9 positif de 4 500 m\u00e8tres avec la <strong>pr\u00e9sence de Marinois.<\/strong><\/p>\n\n\n\n<p><strong>Merci \u00e0 Laurent et \u00e0 Luc.<\/strong><\/p>\n\n\n\n<p><\/p>\n\n\n\n<figure class=\"wp-block-image aligncenter size-full\"><img data-recalc-dims=\"1\" loading=\"lazy\" decoding=\"async\" width=\"640\" height=\"446\" src=\"https:\/\/i0.wp.com\/acmarines.fr\/wp-content\/uploads\/2025\/07\/518390165_1273435947836066_1700270610705192365_n.jpg?resize=640%2C446&#038;ssl=1\" alt=\"\" class=\"wp-image-24295\" srcset=\"https:\/\/i0.wp.com\/acmarines.fr\/wp-content\/uploads\/2025\/07\/518390165_1273435947836066_1700270610705192365_n.jpg?w=672&amp;ssl=1 672w, https:\/\/i0.wp.com\/acmarines.fr\/wp-content\/uploads\/2025\/07\/518390165_1273435947836066_1700270610705192365_n.jpg?resize=300%2C209&amp;ssl=1 300w, https:\/\/i0.wp.com\/acmarines.fr\/wp-content\/uploads\/2025\/07\/518390165_1273435947836066_1700270610705192365_n.jpg?resize=590%2C410&amp;ssl=1 590w\" sizes=\"auto, (max-width: 640px) 100vw, 640px\" \/><\/figure>\n\n\n\n<figure class=\"wp-block-image aligncenter size-full\"><img data-recalc-dims=\"1\" loading=\"lazy\" decoding=\"async\" width=\"640\" height=\"525\" src=\"https:\/\/i0.wp.com\/acmarines.fr\/wp-content\/uploads\/2025\/07\/TDF25-profil-etape-19.png?resize=640%2C525&#038;ssl=1\" alt=\"\" class=\"wp-image-24296\" srcset=\"https:\/\/i0.wp.com\/acmarines.fr\/wp-content\/uploads\/2025\/07\/TDF25-profil-etape-19.png?w=780&amp;ssl=1 780w, https:\/\/i0.wp.com\/acmarines.fr\/wp-content\/uploads\/2025\/07\/TDF25-profil-etape-19.png?resize=300%2C246&amp;ssl=1 300w, https:\/\/i0.wp.com\/acmarines.fr\/wp-content\/uploads\/2025\/07\/TDF25-profil-etape-19.png?resize=768%2C630&amp;ssl=1 768w\" sizes=\"auto, (max-width: 640px) 100vw, 640px\" \/><\/figure>\n","protected":false},"excerpt":{"rendered":"<p>L&rsquo;\u00c9tape du Tour 2025 s&rsquo;est d\u00e9roul\u00e9e le 20 juillet, reliant Albertville \u00e0 La Plagne sur un parcours de<\/p>\n","protected":false},"author":1,"featured_media":24298,"comment_status":"closed","ping_status":"closed","sticky":false,"template":"","format":"standard","meta":{"jetpack_post_was_ever_published":false,"_jetpack_newsletter_access":"","_jetpack_dont_email_post_to_subs":false,"_jetpack_newsletter_tier_id":0,"_jetpack_memberships_contains_paywalled_content":false,"_jetpack_memberships_contains_paid_content":false,"footnotes":""},"categories":[37,20],"tags":[],"class_list":["post-24294","post","type-post","status-publish","format-standard","has-post-thumbnail","hentry","category-club","category-cyclosport-route-cyclo-cross"],"jetpack_featured_media_url":"https:\/\/i0.wp.com\/acmarines.fr\/wp-content\/uploads\/2025\/07\/la-plagne.jpg?fit=472%2C197&ssl=1","jetpack_sharing_enabled":true,"_links":{"self":[{"href":"https:\/\/acmarines.fr\/index.php?rest_route=\/wp\/v2\/posts\/24294","targetHints":{"allow":["GET"]}}],"collection":[{"href":"https:\/\/acmarines.fr\/index.php?rest_route=\/wp\/v2\/posts"}],"about":[{"href":"https:\/\/acmarines.fr\/index.php?rest_route=\/wp\/v2\/types\/post"}],"author":[{"embeddable":true,"href":"https:\/\/acmarines.fr\/index.php?rest_route=\/wp\/v2\/users\/1"}],"replies":[{"embeddable":true,"href":"https:\/\/acmarines.fr\/index.php?rest_route=%2Fwp%2Fv2%2Fcomments&post=24294"}],"version-history":[{"count":3,"href":"https:\/\/acmarines.fr\/index.php?rest_route=\/wp\/v2\/posts\/24294\/revisions"}],"predecessor-version":[{"id":24303,"href":"https:\/\/acmarines.fr\/index.php?rest_route=\/wp\/v2\/posts\/24294\/revisions\/24303"}],"wp:featuredmedia":[{"embeddable":true,"href":"https:\/\/acmarines.fr\/index.php?rest_route=\/wp\/v2\/media\/24298"}],"wp:attachment":[{"href":"https:\/\/acmarines.fr\/index.php?rest_route=%2Fwp%2Fv2%2Fmedia&parent=24294"}],"wp:term":[{"taxonomy":"category","embeddable":true,"href":"https:\/\/acmarines.fr\/index.php?rest_route=%2Fwp%2Fv2%2Fcategories&post=24294"},{"taxonomy":"post_tag","embeddable":true,"href":"https:\/\/acmarines.fr\/index.php?rest_route=%2Fwp%2Fv2%2Ftags&post=24294"}],"curies":[{"name":"wp","href":"https:\/\/api.w.org\/{rel}","templated":true}]}}